{"id":382,"date":"2022-06-24T16:09:34","date_gmt":"2022-06-24T14:09:34","guid":{"rendered":"https:\/\/golive.ducasse-chateauversailles.com\/2022\/06\/24\/le-pavillon-dufour\/"},"modified":"2022-07-25T15:47:33","modified_gmt":"2022-07-25T13:47:33","slug":"the-dufour-pavilion","status":"publish","type":"post","link":"https:\/\/www.ducasse-chateauversailles.com\/en\/the-dufour-pavilion\/","title":{"rendered":"The Dufour Pavilion"},"content":{"rendered":"","protected":false},"excerpt":{"rendered":"","protected":false},"author":1,"featured_media":1070,"comment_status":"open","ping_status":"open","sticky":false,"template":"","format":"standard","meta":{"_acf_changed":false,"footnotes":""},"categories":[2],"tags":[],"class_list":["post-382","post","type-post","status-publish","format-standard","has-post-thumbnail","hentry","category-uncategorized"],"acf":[],"yoast_head":"<!-- This site is optimized with the Yoast SEO plugin v27.5 - https:\/\/yoast.com\/product\/yoast-seo-wordpress\/ -->\n<title>The Dufour Pavillon | Caf\u00e9 Ore - Ducasse au Ch\u00e2teau de Versailles<\/title>\n<meta name=\"description\" content=\"The Dufour Pavillon: all the news from Caf\u00e9 Ore and the restaurant Ducasse au Ch\u00e2teau de Versailles.\" \/>\n<meta name=\"robots\" content=\"index, follow, max-snippet:-1, max-image-preview:large, max-video-preview:-1\" \/>\n<link rel=\"canonical\" href=\"https:\/\/www.ducasse-chateauversailles.com\/en\/the-dufour-pavilion\/\" \/>\n<meta property=\"og:locale\" content=\"en_US\" \/>\n<meta property=\"og:type\" content=\"article\" \/>\n<meta property=\"og:title\" content=\"The Dufour Pavillon | Caf\u00e9 Ore - Ducasse au Ch\u00e2teau de Versailles\" \/>\n<meta property=\"og:description\" content=\"The Dufour Pavillon: all the news from Caf\u00e9 Ore and the restaurant Ducasse au Ch\u00e2teau de Versailles.\" \/>\n<meta property=\"og:url\" content=\"https:\/\/www.ducasse-chateauversailles.com\/en\/the-dufour-pavilion\/\" \/>\n<meta property=\"og:site_name\" content=\"Caf\u00e9 &amp; restaurant Ore Ducasse au Ch\u00e2teau de Versailles\" \/>\n<meta property=\"article:published_time\" content=\"2022-06-24T14:09:34+00:00\" \/>\n<meta property=\"article:modified_time\" content=\"2022-07-25T13:47:33+00:00\" \/>\n<meta property=\"og:image\" content=\"https:\/\/www.ducasse-chateauversailles.com\/wp-content\/uploads\/2022\/06\/ore-Vue-sur-cour_hor-7732cPatrick-Tourneboeuf-1-2-1.png\" \/>\n\t<meta property=\"og:image:width\" content=\"2220\" \/>\n\t<meta property=\"og:image:height\" content=\"1476\" \/>\n\t<meta property=\"og:image:type\" content=\"image\/png\" \/>\n<meta name=\"author\" content=\"symediane\" \/>\n<meta name=\"twitter:card\" content=\"summary_large_image\" \/>\n<meta name=\"twitter:label1\" content=\"Written by\" \/>\n\t<meta name=\"twitter:data1\" content=\"symediane\" \/>\n\t<meta name=\"twitter:label2\" content=\"Est. reading time\" \/>\n\t<meta name=\"twitter:data2\" content=\"3 minutes\" \/>\n<script type=\"application\/ld+json\" class=\"yoast-schema-graph\">{\"@context\":\"https:\\\/\\\/schema.org\",\"@graph\":[{\"@type\":\"Article\",\"@id\":\"https:\\\/\\\/www.ducasse-chateauversailles.com\\\/en\\\/the-dufour-pavilion\\\/#article\",\"isPartOf\":{\"@id\":\"https:\\\/\\\/www.ducasse-chateauversailles.com\\\/en\\\/the-dufour-pavilion\\\/\"},\"author\":{\"name\":\"symediane\",\"@id\":\"https:\\\/\\\/www.ducasse-chateauversailles.com\\\/en\\\/#\\\/schema\\\/person\\\/908f21f67abe3b922b4a4f02de758702\"},\"headline\":\"The Dufour Pavilion\",\"datePublished\":\"2022-06-24T14:09:34+00:00\",\"dateModified\":\"2022-07-25T13:47:33+00:00\",\"mainEntityOfPage\":{\"@id\":\"https:\\\/\\\/www.ducasse-chateauversailles.com\\\/en\\\/the-dufour-pavilion\\\/\"},\"wordCount\":3,\"commentCount\":0,\"image\":{\"@id\":\"https:\\\/\\\/www.ducasse-chateauversailles.com\\\/en\\\/the-dufour-pavilion\\\/#primaryimage\"},\"thumbnailUrl\":\"https:\\\/\\\/www.ducasse-chateauversailles.com\\\/wp-content\\\/uploads\\\/2022\\\/06\\\/ore-Vue-sur-cour_hor-7732cPatrick-Tourneboeuf-1-2-1.png\",\"inLanguage\":\"en-US\"},{\"@type\":\"WebPage\",\"@id\":\"https:\\\/\\\/www.ducasse-chateauversailles.com\\\/en\\\/the-dufour-pavilion\\\/\",\"url\":\"https:\\\/\\\/www.ducasse-chateauversailles.com\\\/en\\\/the-dufour-pavilion\\\/\",\"name\":\"The Dufour Pavillon | Caf\u00e9 Ore - Ducasse au Ch\u00e2teau de Versailles\",\"isPartOf\":{\"@id\":\"https:\\\/\\\/www.ducasse-chateauversailles.com\\\/en\\\/#website\"},\"primaryImageOfPage\":{\"@id\":\"https:\\\/\\\/www.ducasse-chateauversailles.com\\\/en\\\/the-dufour-pavilion\\\/#primaryimage\"},\"image\":{\"@id\":\"https:\\\/\\\/www.ducasse-chateauversailles.com\\\/en\\\/the-dufour-pavilion\\\/#primaryimage\"},\"thumbnailUrl\":\"https:\\\/\\\/www.ducasse-chateauversailles.com\\\/wp-content\\\/uploads\\\/2022\\\/06\\\/ore-Vue-sur-cour_hor-7732cPatrick-Tourneboeuf-1-2-1.png\",\"datePublished\":\"2022-06-24T14:09:34+00:00\",\"dateModified\":\"2022-07-25T13:47:33+00:00\",\"author\":{\"@id\":\"https:\\\/\\\/www.ducasse-chateauversailles.com\\\/en\\\/#\\\/schema\\\/person\\\/908f21f67abe3b922b4a4f02de758702\"},\"description\":\"The Dufour Pavillon: all the news from Caf\u00e9 Ore and the restaurant Ducasse au Ch\u00e2teau de Versailles.\",\"inLanguage\":\"en-US\",\"potentialAction\":[{\"@type\":\"ReadAction\",\"target\":[\"https:\\\/\\\/www.ducasse-chateauversailles.com\\\/en\\\/the-dufour-pavilion\\\/\"]}]},{\"@type\":\"ImageObject\",\"inLanguage\":\"en-US\",\"@id\":\"https:\\\/\\\/www.ducasse-chateauversailles.com\\\/en\\\/the-dufour-pavilion\\\/#primaryimage\",\"url\":\"https:\\\/\\\/www.ducasse-chateauversailles.com\\\/wp-content\\\/uploads\\\/2022\\\/06\\\/ore-Vue-sur-cour_hor-7732cPatrick-Tourneboeuf-1-2-1.png\",\"contentUrl\":\"https:\\\/\\\/www.ducasse-chateauversailles.com\\\/wp-content\\\/uploads\\\/2022\\\/06\\\/ore-Vue-sur-cour_hor-7732cPatrick-Tourneboeuf-1-2-1.png\",\"width\":2220,\"height\":1476,\"caption\":\"ore, vue sur la cour\"},{\"@type\":\"WebSite\",\"@id\":\"https:\\\/\\\/www.ducasse-chateauversailles.com\\\/en\\\/#website\",\"url\":\"https:\\\/\\\/www.ducasse-chateauversailles.com\\\/en\\\/\",\"name\":\"Caf\u00e9 &amp; restaurant Ore Ducasse au Ch\u00e2teau de Versailles\",\"description\":\"\",\"potentialAction\":[{\"@type\":\"SearchAction\",\"target\":{\"@type\":\"EntryPoint\",\"urlTemplate\":\"https:\\\/\\\/www.ducasse-chateauversailles.com\\\/en\\\/?s={search_term_string}\"},\"query-input\":{\"@type\":\"PropertyValueSpecification\",\"valueRequired\":true,\"valueName\":\"search_term_string\"}}],\"inLanguage\":\"en-US\"},{\"@type\":\"Person\",\"@id\":\"https:\\\/\\\/www.ducasse-chateauversailles.com\\\/en\\\/#\\\/schema\\\/person\\\/908f21f67abe3b922b4a4f02de758702\",\"name\":\"symediane\",\"image\":{\"@type\":\"ImageObject\",\"inLanguage\":\"en-US\",\"@id\":\"https:\\\/\\\/secure.gravatar.com\\\/avatar\\\/0e1d9e5729483cf33f43f300965414ff938347f393e1686fffafb82fccd3e775?s=96&d=mm&r=g\",\"url\":\"https:\\\/\\\/secure.gravatar.com\\\/avatar\\\/0e1d9e5729483cf33f43f300965414ff938347f393e1686fffafb82fccd3e775?s=96&d=mm&r=g\",\"contentUrl\":\"https:\\\/\\\/secure.gravatar.com\\\/avatar\\\/0e1d9e5729483cf33f43f300965414ff938347f393e1686fffafb82fccd3e775?s=96&d=mm&r=g\",\"caption\":\"symediane\"},\"sameAs\":[\"https:\\\/\\\/golive.ducasse-chateauversailles.com\"],\"url\":\"https:\\\/\\\/www.ducasse-chateauversailles.com\\\/en\\\/author\\\/symediane\\\/\"}]}<\/script>\n<!-- \/ Yoast SEO plugin. -->","yoast_head_json":{"title":"The Dufour Pavillon | Caf\u00e9 Ore - Ducasse au Ch\u00e2teau de Versailles","description":"The Dufour Pavillon: all the news from Caf\u00e9 Ore and the restaurant Ducasse au Ch\u00e2teau de Versailles.","robots":{"index":"index","follow":"follow","max-snippet":"max-snippet:-1","max-image-preview":"max-image-preview:large","max-video-preview":"max-video-preview:-1"},"canonical":"https:\/\/www.ducasse-chateauversailles.com\/en\/the-dufour-pavilion\/","og_locale":"en_US","og_type":"article","og_title":"The Dufour Pavillon | Caf\u00e9 Ore - Ducasse au Ch\u00e2teau de Versailles","og_description":"The Dufour Pavillon: all the news from Caf\u00e9 Ore and the restaurant Ducasse au Ch\u00e2teau de Versailles.","og_url":"https:\/\/www.ducasse-chateauversailles.com\/en\/the-dufour-pavilion\/","og_site_name":"Caf\u00e9 &amp; restaurant Ore Ducasse au Ch\u00e2teau de Versailles","article_published_time":"2022-06-24T14:09:34+00:00","article_modified_time":"2022-07-25T13:47:33+00:00","og_image":[{"width":2220,"height":1476,"url":"https:\/\/www.ducasse-chateauversailles.com\/wp-content\/uploads\/2022\/06\/ore-Vue-sur-cour_hor-7732cPatrick-Tourneboeuf-1-2-1.png","type":"image\/png"}],"author":"symediane","twitter_card":"summary_large_image","twitter_misc":{"Written by":"symediane","Est. reading time":"3 minutes"},"schema":{"@context":"https:\/\/schema.org","@graph":[{"@type":"Article","@id":"https:\/\/www.ducasse-chateauversailles.com\/en\/the-dufour-pavilion\/#article","isPartOf":{"@id":"https:\/\/www.ducasse-chateauversailles.com\/en\/the-dufour-pavilion\/"},"author":{"name":"symediane","@id":"https:\/\/www.ducasse-chateauversailles.com\/en\/#\/schema\/person\/908f21f67abe3b922b4a4f02de758702"},"headline":"The Dufour Pavilion","datePublished":"2022-06-24T14:09:34+00:00","dateModified":"2022-07-25T13:47:33+00:00","mainEntityOfPage":{"@id":"https:\/\/www.ducasse-chateauversailles.com\/en\/the-dufour-pavilion\/"},"wordCount":3,"commentCount":0,"image":{"@id":"https:\/\/www.ducasse-chateauversailles.com\/en\/the-dufour-pavilion\/#primaryimage"},"thumbnailUrl":"https:\/\/www.ducasse-chateauversailles.com\/wp-content\/uploads\/2022\/06\/ore-Vue-sur-cour_hor-7732cPatrick-Tourneboeuf-1-2-1.png","inLanguage":"en-US"},{"@type":"WebPage","@id":"https:\/\/www.ducasse-chateauversailles.com\/en\/the-dufour-pavilion\/","url":"https:\/\/www.ducasse-chateauversailles.com\/en\/the-dufour-pavilion\/","name":"The Dufour Pavillon | Caf\u00e9 Ore - Ducasse au Ch\u00e2teau de Versailles","isPartOf":{"@id":"https:\/\/www.ducasse-chateauversailles.com\/en\/#website"},"primaryImageOfPage":{"@id":"https:\/\/www.ducasse-chateauversailles.com\/en\/the-dufour-pavilion\/#primaryimage"},"image":{"@id":"https:\/\/www.ducasse-chateauversailles.com\/en\/the-dufour-pavilion\/#primaryimage"},"thumbnailUrl":"https:\/\/www.ducasse-chateauversailles.com\/wp-content\/uploads\/2022\/06\/ore-Vue-sur-cour_hor-7732cPatrick-Tourneboeuf-1-2-1.png","datePublished":"2022-06-24T14:09:34+00:00","dateModified":"2022-07-25T13:47:33+00:00","author":{"@id":"https:\/\/www.ducasse-chateauversailles.com\/en\/#\/schema\/person\/908f21f67abe3b922b4a4f02de758702"},"description":"The Dufour Pavillon: all the news from Caf\u00e9 Ore and the restaurant Ducasse au Ch\u00e2teau de Versailles.","inLanguage":"en-US","potentialAction":[{"@type":"ReadAction","target":["https:\/\/www.ducasse-chateauversailles.com\/en\/the-dufour-pavilion\/"]}]},{"@type":"ImageObject","inLanguage":"en-US","@id":"https:\/\/www.ducasse-chateauversailles.com\/en\/the-dufour-pavilion\/#primaryimage","url":"https:\/\/www.ducasse-chateauversailles.com\/wp-content\/uploads\/2022\/06\/ore-Vue-sur-cour_hor-7732cPatrick-Tourneboeuf-1-2-1.png","contentUrl":"https:\/\/www.ducasse-chateauversailles.com\/wp-content\/uploads\/2022\/06\/ore-Vue-sur-cour_hor-7732cPatrick-Tourneboeuf-1-2-1.png","width":2220,"height":1476,"caption":"ore, vue sur la cour"},{"@type":"WebSite","@id":"https:\/\/www.ducasse-chateauversailles.com\/en\/#website","url":"https:\/\/www.ducasse-chateauversailles.com\/en\/","name":"Caf\u00e9 &amp; restaurant Ore Ducasse au Ch\u00e2teau de Versailles","description":"","potentialAction":[{"@type":"SearchAction","target":{"@type":"EntryPoint","urlTemplate":"https:\/\/www.ducasse-chateauversailles.com\/en\/?s={search_term_string}"},"query-input":{"@type":"PropertyValueSpecification","valueRequired":true,"valueName":"search_term_string"}}],"inLanguage":"en-US"},{"@type":"Person","@id":"https:\/\/www.ducasse-chateauversailles.com\/en\/#\/schema\/person\/908f21f67abe3b922b4a4f02de758702","name":"symediane","image":{"@type":"ImageObject","inLanguage":"en-US","@id":"https:\/\/secure.gravatar.com\/avatar\/0e1d9e5729483cf33f43f300965414ff938347f393e1686fffafb82fccd3e775?s=96&d=mm&r=g","url":"https:\/\/secure.gravatar.com\/avatar\/0e1d9e5729483cf33f43f300965414ff938347f393e1686fffafb82fccd3e775?s=96&d=mm&r=g","contentUrl":"https:\/\/secure.gravatar.com\/avatar\/0e1d9e5729483cf33f43f300965414ff938347f393e1686fffafb82fccd3e775?s=96&d=mm&r=g","caption":"symediane"},"sameAs":["https:\/\/golive.ducasse-chateauversailles.com"],"url":"https:\/\/www.ducasse-chateauversailles.com\/en\/author\/symediane\/"}]}},"_links":{"self":[{"href":"https:\/\/www.ducasse-chateauversailles.com\/en\/wp-json\/wp\/v2\/posts\/382","targetHints":{"allow":["GET"]}}],"collection":[{"href":"https:\/\/www.ducasse-chateauversailles.com\/en\/wp-json\/wp\/v2\/posts"}],"about":[{"href":"https:\/\/www.ducasse-chateauversailles.com\/en\/wp-json\/wp\/v2\/types\/post"}],"author":[{"embeddable":true,"href":"https:\/\/www.ducasse-chateauversailles.com\/en\/wp-json\/wp\/v2\/users\/1"}],"replies":[{"embeddable":true,"href":"https:\/\/www.ducasse-chateauversailles.com\/en\/wp-json\/wp\/v2\/comments?post=382"}],"version-history":[{"count":3,"href":"https:\/\/www.ducasse-chateauversailles.com\/en\/wp-json\/wp\/v2\/posts\/382\/revisions"}],"predecessor-version":[{"id":537,"href":"https:\/\/www.ducasse-chateauversailles.com\/en\/wp-json\/wp\/v2\/posts\/382\/revisions\/537"}],"wp:featuredmedia":[{"embeddable":true,"href":"https:\/\/www.ducasse-chateauversailles.com\/en\/wp-json\/wp\/v2\/media\/1070"}],"wp:attachment":[{"href":"https:\/\/www.ducasse-chateauversailles.com\/en\/wp-json\/wp\/v2\/media?parent=382"}],"wp:term":[{"taxonomy":"category","embeddable":true,"href":"https:\/\/www.ducasse-chateauversailles.com\/en\/wp-json\/wp\/v2\/categories?post=382"},{"taxonomy":"post_tag","embeddable":true,"href":"https:\/\/www.ducasse-chateauversailles.com\/en\/wp-json\/wp\/v2\/tags?post=382"}],"curies":[{"name":"wp","href":"https:\/\/api.w.org\/{rel}","templated":true}]}}